{"id":1829,"date":"2018-02-23T20:52:15","date_gmt":"2018-02-23T20:52:15","guid":{"rendered":"http:\/\/ojoscuriosos.com\/?p=1829"},"modified":"2018-02-23T20:52:15","modified_gmt":"2018-02-23T20:52:15","slug":"el-escape-del-fuhrer","status":"publish","type":"post","link":"https:\/\/megatandil.com.ar\/ojoscuriosos\/el-escape-del-fuhrer\/","title":{"rendered":"Hitler huy\u00f3?"},"content":{"rendered":"<h2><a href=\"http:\/\/ojoscuriosos.com\/wp-content\/uploads\/2013\/07\/hitler.jpg\"><img loading=\"lazy\" decoding=\"async\" class=\"alignright size-medium wp-image-1830\" src=\"http:\/\/ojoscuriosos.com\/wp-content\/uploads\/2013\/07\/hitler-252x300.jpg\" alt=\"hitler\" width=\"252\" height=\"300\" \/><\/a><span style=\"color: #993366;\">En la ma\u00f1ana del <strong>30 de abril de 1945<\/strong>, cuando los rusos ya estaban a metros de las puertas de su bunker, <strong>Hitler<\/strong> llam\u00f3 a <strong>Bormann<\/strong> y despu\u00e9s a <strong>Otto Gunsche<\/strong>, su ayudante personal.<\/span><\/h2>\n<p>Les dijo que se suicidar\u00eda junto a su esposa por la tarde y les orden\u00f3 la ingrata tarea de rematarlos en caso de que a\u00fan estuvieran con vida. Era una orden. Y pidi\u00f3 que los cuerpos sean quemados para evitar que su cad\u00e1ver fuese sometido al escarnio p\u00fablico en Londres o New York. Poco despu\u00e9s del mediod\u00eda, Hitler y su mujer tomaron una capsula de cianuro, pero \u00e9l tuvo tiempo a\u00fan para dispararse con su pistola <em>Walther de 7,65 mm<\/em>. Luego los llevaron al jard\u00edn de la canciller\u00eda y los prendieron fuego. Esa ha sido la historia oficial.<\/p>\n<p>Sin embargo no son pocos los que manejaron la hip\u00f3tesis de que Hitler huy\u00f3 hacia la <strong>Argentina<\/strong>. Entre ellos, el que m\u00e1s sospech\u00f3 de este ardid fue <strong>Josif Stalin<\/strong>, ya que el dictador sovi\u00e9tico estaba convencido que el Furher se hab\u00eda escapado a Sudam\u00e9rica tal como lo hab\u00edan hecho otros jerarcas nazis. Basaba eso en el hecho de que el cad\u00e1ver, dec\u00eda, <em><strong>era 10 cent\u00edmetros mas bajo y que sus orejas no guardaban relaci\u00f3n con lo conocido del jefe alem\u00e1n<\/strong><\/em>.<\/p>\n<p>El investigador argentino Abel Basti dice que Hitler acompa\u00f1ado por Eva Braun abandon\u00f3 Berl\u00edn el 29 de abril del 45 en un avi\u00f3n JU-52 y tras burlar la defensa a\u00e9rea de los sovi\u00e9ticos aterriz\u00f3 en Espa\u00f1a y de all\u00ed, en submarinos nazis lleg\u00f3 a la Patagonia argentina.\u00a0 Esto coincide con la teor\u00eda de otro escritor, Patrick Burnside, que est\u00e1 convencido que Adolfo Hitler vivi\u00f3 en la falda de los Andes por 15 a\u00f1os. Esto habr\u00eda sido posible gracias a un plan desarrollado por el jefe de la Inteligencia alemana, el almirante <strong>Canaris<\/strong> entre 1942 y 1943, junto al rol de uno de las agentes que ten\u00eda en la Argentina. Ese agente, afirma, no era otra que <strong>Eva Per\u00f3n<\/strong>, utiliz\u00e1ndolo a<strong> Juan Per\u00f3n<\/strong> para ejecutar parte de ese plan, con conexiones tambi\u00e9n en Chile y Uruguay.<\/p>\n<p>Hay pruebas documentales que varios servicios de inteligencia americanos sab\u00edan de esto, pero dejaron tranquilo a Hitler para poder utilizarlo en caso necesario, ante la perspectiva de una Tercera Guerra Mundial, considerando una posible invasi\u00f3n sovi\u00e9tica a trav\u00e9s de Alemania Oriental. Los documentos que avalan esta teor\u00eda fueron desclasificados por el FBI seg\u00fan afirma este autor en su libro <em><strong>\u201cEl escape de Hitler\u201d.<\/strong><\/em><\/p>\n<p>&nbsp;<\/p>\n<p><a href=\"http:\/\/ojoscuriosos.com\/wp-content\/uploads\/2013\/07\/hitler-argentina.jpg\"><img loading=\"lazy\" decoding=\"async\" class=\"alignright size-medium wp-image-1832\" src=\"http:\/\/ojoscuriosos.com\/wp-content\/uploads\/2013\/07\/hitler-argentina-300x257.jpg\" alt=\"hitler-argentina\" width=\"300\" height=\"257\" \/><\/a> <a href=\"http:\/\/ojoscuriosos.com\/wp-content\/uploads\/2013\/07\/hitler_5.jpg\"><img loading=\"lazy\" decoding=\"async\" class=\"alignright size-medium wp-image-1831\" src=\"http:\/\/ojoscuriosos.com\/wp-content\/uploads\/2013\/07\/hitler_5-300x200.jpg\" alt=\"hitler_5\" width=\"300\" height=\"200\" \/><\/a><\/p>\n<form id=\"vozme_form_1899f11ccb63287b5b20e2ee57b94265\" method=\"post\" name=\"vozme_form_1899f11ccb63287b5b20e2ee57b94265\" target=\"1899f11ccb63287b5b20e2ee57b94265\" action=\"http:\/\/vozme.com\/text2voice.php\"><input name=\"text\" type=\"hidden\" value=\"Hitler huy\u00f3?. En la ma\u00f1ana del 30 de abril de 1945, cuando los rusos ya estaban a metros de las puertas de su bunker, Hitler llam\u00f3 a Bormann y despu\u00e9s a Otto Gunsche, su ayudante personal.\nLes dijo que se suicidar\u00eda junto a su esposa por la tarde y les orden\u00f3 la ingrata tarea de rematarlos en caso de que a\u00fan estuvieran con vida. Era una orden. Y pidi\u00f3 que los cuerpos sean quemados para evitar que su cad\u00e1ver fuese sometido al escarnio p\u00fablico en Londres o New York. Poco despu\u00e9s del mediod\u00eda, Hitler y su mujer tomaron una capsula de cianuro, pero \u00e9l tuvo tiempo a\u00fan para dispararse con su pistola Walther de 7,65 mm. Luego los llevaron al jard\u00edn de la canciller\u00eda y los prendieron fuego. Esa ha sido la historia oficial.\nSin embargo no son pocos los que manejaron la hip\u00f3tesis de que Hitler huy\u00f3 hacia la Argentina. Entre ellos, el que m\u00e1s sospech\u00f3 de este ardid fue Josif Stalin, ya que el dictador sovi\u00e9tico estaba convencido que el Furher se hab\u00eda escapado a Sudam\u00e9rica tal como lo hab\u00edan hecho otros jerarcas nazis. Basaba eso en el hecho de que el cad\u00e1ver, dec\u00eda, era 10 cent\u00edmetros mas bajo y que sus orejas no guardaban relaci\u00f3n con lo conocido del jefe alem\u00e1n.\nEl investigador argentino Abel Basti dice que Hitler acompa\u00f1ado por Eva Braun abandon\u00f3 Berl\u00edn el 29 de abril del 45 en un avi\u00f3n JU-52 y tras burlar la defensa a\u00e9rea de los sovi\u00e9ticos aterriz\u00f3 en Espa\u00f1a y de all\u00ed, en submarinos nazis lleg\u00f3 a la Patagonia argentina.\u00a0 Esto coincide con la teor\u00eda de otro escritor, Patrick Burnside, que est\u00e1 convencido que Adolfo Hitler vivi\u00f3 en la falda de los Andes por 15 a\u00f1os. Esto habr\u00eda sido posible gracias a un plan desarrollado por el jefe de la Inteligencia alemana, el almirante Canaris entre 1942 y 1943, junto al rol de uno de las agentes que ten\u00eda en la Argentina. Ese agente, afirma, no era otra que Eva Per\u00f3n, utiliz\u00e1ndolo a Juan Per\u00f3n para ejecutar parte de ese plan, con conexiones tambi\u00e9n en Chile y Uruguay.\nHay pruebas documentales que varios servicios de inteligencia americanos sab\u00edan de esto, pero dejaron tranquilo a Hitler para poder utilizarlo en caso necesario, ante la perspectiva de una Tercera Guerra Mundial, considerando una posible invasi\u00f3n sovi\u00e9tica a trav\u00e9s de Alemania Oriental. Los documentos que avalan esta teor\u00eda fueron desclasificados por el FBI seg\u00fan afirma este autor en su libro \u201cEl escape de Hitler\u201d.\n&nbsp;\n \n\" \/><input name=\"lang\" type=\"hidden\" value=\"es\" \/><input name=\"gn\" type=\"hidden\" value=\"ml\" \/><input type=\"hidden\" id=\"interface\" name=\"interface\" value=\"full\" \/>\n\t\t\t<div style=\"text-align:left;\">\n\t\t\t\n\t\t\t\t<input style=\"float:left;\" type=\"image\" width=\"40\" height=\"40\" src=\"https:\/\/megatandil.com.ar\/ojoscuriosos\/wp-content\/plugins\/vozme\/img\/megaphone40x40w.gif\" alt=\"Escucha este post\" onclick=\"window.open('', '1899f11ccb63287b5b20e2ee57b94265', 'width=600,height=370,scrollbars=yes,location=yes,menubar=yes,resizable=yes,status=yes,toolbar=yes');\">\n\t\t\t\t<div style=\"margin-left:48px; text-align:left;\"><a style=\"font-size:12px;\" href=\"javascript:void(0);\" onclick=\"window.open('', '1899f11ccb63287b5b20e2ee57b94265', 'width=600,height=370,scrollbars=yes,location=yes,menubar=yes,resizable=yes,status=yes,toolbar=yes'); document.getElementById('vozme_form_1899f11ccb63287b5b20e2ee57b94265').submit();\">Escucha<br\/>este post<\/a><\/div>\n\t\t\t<\/div><\/form>","protected":false},"excerpt":{"rendered":"<p>En la ma\u00f1ana del 30 de abril de 1945, cuando los rusos ya estaban a metros de las puertas de su bunker, Hitler llam\u00f3 a Bormann y despu\u00e9s a Otto Gunsche, su ayudante personal. Les dijo que se suicidar\u00eda junto a su esposa por la tarde y les orden\u00f3 la ingrata tarea de rematarlos en [&hellip;]<\/p>\n","protected":false},"author":3,"featured_media":1833,"comment_status":"open","ping_status":"open","sticky":false,"template":"","format":"standard","meta":{"footnotes":""},"categories":[11,3,13,1],"tags":[807,808,809],"class_list":{"0":"post-1829","1":"post","2":"type-post","3":"status-publish","4":"format-standard","5":"has-post-thumbnail","7":"category-historia","8":"category-misterios","9":"category-personajes","10":"category-sin-categoria","11":"tag-furher","12":"tag-hipotesis","13":"tag-peron","14":"czr-hentry"},"_links":{"self":[{"href":"https:\/\/megatandil.com.ar\/ojoscuriosos\/wp-json\/wp\/v2\/posts\/1829","targetHints":{"allow":["GET"]}}],"collection":[{"href":"https:\/\/megatandil.com.ar\/ojoscuriosos\/wp-json\/wp\/v2\/posts"}],"about":[{"href":"https:\/\/megatandil.com.ar\/ojoscuriosos\/wp-json\/wp\/v2\/types\/post"}],"author":[{"embeddable":true,"href":"https:\/\/megatandil.com.ar\/ojoscuriosos\/wp-json\/wp\/v2\/users\/3"}],"replies":[{"embeddable":true,"href":"https:\/\/megatandil.com.ar\/ojoscuriosos\/wp-json\/wp\/v2\/comments?post=1829"}],"version-history":[{"count":0,"href":"https:\/\/megatandil.com.ar\/ojoscuriosos\/wp-json\/wp\/v2\/posts\/1829\/revisions"}],"wp:featuredmedia":[{"embeddable":true,"href":"https:\/\/megatandil.com.ar\/ojoscuriosos\/wp-json\/wp\/v2\/media\/1833"}],"wp:attachment":[{"href":"https:\/\/megatandil.com.ar\/ojoscuriosos\/wp-json\/wp\/v2\/media?parent=1829"}],"wp:term":[{"taxonomy":"category","embeddable":true,"href":"https:\/\/megatandil.com.ar\/ojoscuriosos\/wp-json\/wp\/v2\/categories?post=1829"},{"taxonomy":"post_tag","embeddable":true,"href":"https:\/\/megatandil.com.ar\/ojoscuriosos\/wp-json\/wp\/v2\/tags?post=1829"}],"curies":[{"name":"wp","href":"https:\/\/api.w.org\/{rel}","templated":true}]}}