{"id":3252,"date":"2016-09-23T00:26:19","date_gmt":"2016-09-23T00:26:19","guid":{"rendered":"http:\/\/ojoscuriosos.com\/?p=3252"},"modified":"2016-09-23T00:26:19","modified_gmt":"2016-09-23T00:26:19","slug":"losabias-17","status":"publish","type":"post","link":"https:\/\/megatandil.com.ar\/ojoscuriosos\/losabias-17\/","title":{"rendered":"Lo Sab\u00edas?"},"content":{"rendered":"<h2><span style=\"color: #808080;\"><a href=\"http:\/\/ojoscuriosos.com\/wp-content\/uploads\/2013\/09\/filecdn.jpg\"><img loading=\"lazy\" decoding=\"async\" class=\"alignleft size-full wp-image-3255\" src=\"http:\/\/ojoscuriosos.com\/wp-content\/uploads\/2013\/09\/filecdn.jpg\" alt=\"filecdn\" width=\"640\" height=\"480\" \/><\/a>En 1971, el Apolo XV dej\u00f3 una peque\u00f1a escultura en la Luna. La figura elaborada por <span style=\"color: #3366ff;\">Paul Van Hoeydonck<\/span>, homenajea a los astronautas y cosmonautas fallecidos.<\/span><\/h2>\n<h2><span style=\"color: #808080;\"> E<\/span><span style=\"color: #808080;\">n la placa junto a la escultura est\u00e1n los nombres de 14 personas, aunque solo la mitad fallecieron a bordo de un cohete espacial.<\/span><\/h2>\n<p>&nbsp;<\/p>\n<h4><span style=\"color: #808080;\">\u00a0<\/span><span style=\"font-size: 1.5em; color: #808080;\">Por su parte el astronauta <span style=\"color: #0000ff;\">Ch<\/span><\/span><span style=\"font-size: 1.5em; color: #808080;\"><span style=\"color: #0000ff;\">arles Duke<\/span> de Apolo XVI que fue el astronauta m\u00e1s joven en pisar nuestro sat\u00e9lite natural, dej\u00f3 sobre la Luna algo que era su sue\u00f1o: una fotograf\u00eda de su familia, la que teniendo en cuenta las condiciones naturales de la superficie selenita, permanecer\u00e1 seguramente\u00a0<\/span><span style=\"font-size: 1.5em; color: #808080;\">intacta por miles de a\u00f1os.<a href=\"http:\/\/ojoscuriosos.com\/wp-content\/uploads\/2013\/09\/familia-duke.jpg\"><img loading=\"lazy\" decoding=\"async\" class=\"alignleft size-full wp-image-3254\" src=\"http:\/\/ojoscuriosos.com\/wp-content\/uploads\/2013\/09\/familia-duke.jpg\" alt=\"familia duke\" width=\"640\" height=\"418\" \/><\/a><\/span><\/h4>\n<h2><\/h2>\n<form id=\"vozme_form_2bedeb9f0a2c65afbbb69e76686f835c\" method=\"post\" name=\"vozme_form_2bedeb9f0a2c65afbbb69e76686f835c\" target=\"2bedeb9f0a2c65afbbb69e76686f835c\" action=\"http:\/\/vozme.com\/text2voice.php\"><input name=\"text\" type=\"hidden\" value=\"Lo Sab\u00edas?. En 1971, el Apolo XV dej\u00f3 una peque\u00f1a escultura en la Luna. La figura elaborada por Paul Van Hoeydonck, homenajea a los astronautas y cosmonautas fallecidos.\n En la placa junto a la escultura est\u00e1n los nombres de 14 personas, aunque solo la mitad fallecieron a bordo de un cohete espacial.\n&nbsp;\n\u00a0Por su parte el astronauta Charles Duke de Apolo XVI que fue el astronauta m\u00e1s joven en pisar nuestro sat\u00e9lite natural, dej\u00f3 sobre la Luna algo que era su sue\u00f1o: una fotograf\u00eda de su familia, la que teniendo en cuenta las condiciones naturales de la superficie selenita, permanecer\u00e1 seguramente\u00a0intacta por miles de a\u00f1os.\n\n\" \/><input name=\"lang\" type=\"hidden\" value=\"es\" \/><input name=\"gn\" type=\"hidden\" value=\"ml\" \/><input type=\"hidden\" id=\"interface\" name=\"interface\" value=\"full\" \/>\n\t\t\t<div style=\"text-align:left;\">\n\t\t\t\n\t\t\t\t<input style=\"float:left;\" type=\"image\" width=\"40\" height=\"40\" src=\"https:\/\/megatandil.com.ar\/ojoscuriosos\/wp-content\/plugins\/vozme\/img\/megaphone40x40w.gif\" alt=\"Escucha este post\" onclick=\"window.open('', '2bedeb9f0a2c65afbbb69e76686f835c', 'width=600,height=370,scrollbars=yes,location=yes,menubar=yes,resizable=yes,status=yes,toolbar=yes');\">\n\t\t\t\t<div style=\"margin-left:48px; text-align:left;\"><a style=\"font-size:12px;\" href=\"javascript:void(0);\" onclick=\"window.open('', '2bedeb9f0a2c65afbbb69e76686f835c', 'width=600,height=370,scrollbars=yes,location=yes,menubar=yes,resizable=yes,status=yes,toolbar=yes'); document.getElementById('vozme_form_2bedeb9f0a2c65afbbb69e76686f835c').submit();\">Escucha<br\/>este post<\/a><\/div>\n\t\t\t<\/div><\/form>","protected":false},"excerpt":{"rendered":"<p>En 1971, el Apolo XV dej\u00f3 una peque\u00f1a escultura en la Luna. La figura elaborada por Paul Van Hoeydonck, homenajea a los astronautas y cosmonautas fallecidos. En la placa junto a la escultura est\u00e1n los nombres de 14 personas, aunque solo la mitad fallecieron a bordo de un cohete espacial. &nbsp; \u00a0Por su parte el [&hellip;]<\/p>\n","protected":false},"author":3,"featured_media":6461,"comment_status":"open","ping_status":"open","sticky":false,"template":"","format":"standard","meta":{"footnotes":""},"categories":[7,1],"tags":[],"class_list":{"0":"post-3252","1":"post","2":"type-post","3":"status-publish","4":"format-standard","5":"has-post-thumbnail","7":"category-lo-sabias","8":"category-sin-categoria","9":"czr-hentry"},"_links":{"self":[{"href":"https:\/\/megatandil.com.ar\/ojoscuriosos\/wp-json\/wp\/v2\/posts\/3252","targetHints":{"allow":["GET"]}}],"collection":[{"href":"https:\/\/megatandil.com.ar\/ojoscuriosos\/wp-json\/wp\/v2\/posts"}],"about":[{"href":"https:\/\/megatandil.com.ar\/ojoscuriosos\/wp-json\/wp\/v2\/types\/post"}],"author":[{"embeddable":true,"href":"https:\/\/megatandil.com.ar\/ojoscuriosos\/wp-json\/wp\/v2\/users\/3"}],"replies":[{"embeddable":true,"href":"https:\/\/megatandil.com.ar\/ojoscuriosos\/wp-json\/wp\/v2\/comments?post=3252"}],"version-history":[{"count":0,"href":"https:\/\/megatandil.com.ar\/ojoscuriosos\/wp-json\/wp\/v2\/posts\/3252\/revisions"}],"wp:featuredmedia":[{"embeddable":true,"href":"https:\/\/megatandil.com.ar\/ojoscuriosos\/wp-json\/wp\/v2\/media\/6461"}],"wp:attachment":[{"href":"https:\/\/megatandil.com.ar\/ojoscuriosos\/wp-json\/wp\/v2\/media?parent=3252"}],"wp:term":[{"taxonomy":"category","embeddable":true,"href":"https:\/\/megatandil.com.ar\/ojoscuriosos\/wp-json\/wp\/v2\/categories?post=3252"},{"taxonomy":"post_tag","embeddable":true,"href":"https:\/\/megatandil.com.ar\/ojoscuriosos\/wp-json\/wp\/v2\/tags?post=3252"}],"curies":[{"name":"wp","href":"https:\/\/api.w.org\/{rel}","templated":true}]}}