{"id":3561,"date":"2016-10-19T00:02:25","date_gmt":"2016-10-19T00:02:25","guid":{"rendered":"http:\/\/ojoscuriosos.com\/?p=3561"},"modified":"2016-10-19T00:02:25","modified_gmt":"2016-10-19T00:02:25","slug":"lo-sabias-49","status":"publish","type":"post","link":"https:\/\/megatandil.com.ar\/ojoscuriosos\/lo-sabias-49\/","title":{"rendered":"Lo Sab\u00edas?"},"content":{"rendered":"<h2><span style=\"color: #3366ff;\"><a href=\"http:\/\/ojoscuriosos.com\/wp-content\/uploads\/2013\/10\/images-11.jpg\"><img loading=\"lazy\" decoding=\"async\" class=\"alignright size-full wp-image-3562\" src=\"http:\/\/ojoscuriosos.com\/wp-content\/uploads\/2013\/10\/images-11.jpg\" alt=\"images (1)\" width=\"275\" height=\"183\" \/><\/a>Hasta comienzos del siglo XX era habitual que la medianoche fuera anunciada dentro de los templos por un canto de gallo, real o simulado. <\/span><\/h2>\n<h2><span style=\"color: #3366ff;\">La misa de gallo apareci\u00f3 en el siglo V y a partir de la Edad Media se transform\u00f3 en una celebraci\u00f3n jubilosa, lejos de la solemnidad con que se la conoce hoy. <\/span><\/h2>\n<h2><span style=\"color: #3366ff;\">La primera misa de gallo fue celebrada en Roma por el Papa Sixto III, entre los a\u00f1os 432 y 440.<\/span><\/h2>\n<form id=\"vozme_form_01015397c683e1e4d2751cbd9f2ba927\" method=\"post\" name=\"vozme_form_01015397c683e1e4d2751cbd9f2ba927\" target=\"01015397c683e1e4d2751cbd9f2ba927\" action=\"http:\/\/vozme.com\/text2voice.php\"><input name=\"text\" type=\"hidden\" value=\"Lo Sab\u00edas?. Hasta comienzos del siglo XX era habitual que la medianoche fuera anunciada dentro de los templos por un canto de gallo, real o simulado. \nLa misa de gallo apareci\u00f3 en el siglo V y a partir de la Edad Media se transform\u00f3 en una celebraci\u00f3n jubilosa, lejos de la solemnidad con que se la conoce hoy. \nLa primera misa de gallo fue celebrada en Roma por el Papa Sixto III, entre los a\u00f1os 432 y 440.\n\" \/><input name=\"lang\" type=\"hidden\" value=\"es\" \/><input name=\"gn\" type=\"hidden\" value=\"ml\" \/><input type=\"hidden\" id=\"interface\" name=\"interface\" value=\"full\" \/>\n\t\t\t<div style=\"text-align:left;\">\n\t\t\t\n\t\t\t\t<input style=\"float:left;\" type=\"image\" width=\"40\" height=\"40\" src=\"https:\/\/megatandil.com.ar\/ojoscuriosos\/wp-content\/plugins\/vozme\/img\/megaphone40x40w.gif\" alt=\"Escucha este post\" onclick=\"window.open('', '01015397c683e1e4d2751cbd9f2ba927', 'width=600,height=370,scrollbars=yes,location=yes,menubar=yes,resizable=yes,status=yes,toolbar=yes');\">\n\t\t\t\t<div style=\"margin-left:48px; text-align:left;\"><a style=\"font-size:12px;\" href=\"javascript:void(0);\" onclick=\"window.open('', '01015397c683e1e4d2751cbd9f2ba927', 'width=600,height=370,scrollbars=yes,location=yes,menubar=yes,resizable=yes,status=yes,toolbar=yes'); document.getElementById('vozme_form_01015397c683e1e4d2751cbd9f2ba927').submit();\">Escucha<br\/>este post<\/a><\/div>\n\t\t\t<\/div><\/form>","protected":false},"excerpt":{"rendered":"<p>Hasta comienzos del siglo XX era habitual que la medianoche fuera anunciada dentro de los templos por un canto de gallo, real o simulado. La misa de gallo apareci\u00f3 en el siglo V y a partir de la Edad Media se transform\u00f3 en una celebraci\u00f3n jubilosa, lejos de la solemnidad con que se la conoce [&hellip;]<\/p>\n","protected":false},"author":3,"featured_media":6790,"comment_status":"open","ping_status":"open","sticky":false,"template":"","format":"standard","meta":{"footnotes":""},"categories":[7,1],"tags":[],"class_list":{"0":"post-3561","1":"post","2":"type-post","3":"status-publish","4":"format-standard","5":"has-post-thumbnail","7":"category-lo-sabias","8":"category-sin-categoria","9":"czr-hentry"},"_links":{"self":[{"href":"https:\/\/megatandil.com.ar\/ojoscuriosos\/wp-json\/wp\/v2\/posts\/3561","targetHints":{"allow":["GET"]}}],"collection":[{"href":"https:\/\/megatandil.com.ar\/ojoscuriosos\/wp-json\/wp\/v2\/posts"}],"about":[{"href":"https:\/\/megatandil.com.ar\/ojoscuriosos\/wp-json\/wp\/v2\/types\/post"}],"author":[{"embeddable":true,"href":"https:\/\/megatandil.com.ar\/ojoscuriosos\/wp-json\/wp\/v2\/users\/3"}],"replies":[{"embeddable":true,"href":"https:\/\/megatandil.com.ar\/ojoscuriosos\/wp-json\/wp\/v2\/comments?post=3561"}],"version-history":[{"count":0,"href":"https:\/\/megatandil.com.ar\/ojoscuriosos\/wp-json\/wp\/v2\/posts\/3561\/revisions"}],"wp:featuredmedia":[{"embeddable":true,"href":"https:\/\/megatandil.com.ar\/ojoscuriosos\/wp-json\/wp\/v2\/media\/6790"}],"wp:attachment":[{"href":"https:\/\/megatandil.com.ar\/ojoscuriosos\/wp-json\/wp\/v2\/media?parent=3561"}],"wp:term":[{"taxonomy":"category","embeddable":true,"href":"https:\/\/megatandil.com.ar\/ojoscuriosos\/wp-json\/wp\/v2\/categories?post=3561"},{"taxonomy":"post_tag","embeddable":true,"href":"https:\/\/megatandil.com.ar\/ojoscuriosos\/wp-json\/wp\/v2\/tags?post=3561"}],"curies":[{"name":"wp","href":"https:\/\/api.w.org\/{rel}","templated":true}]}}