{"id":4509,"date":"2017-02-14T00:07:19","date_gmt":"2017-02-14T00:07:19","guid":{"rendered":"http:\/\/ojoscuriosos.com\/?p=4509"},"modified":"2017-02-14T00:07:19","modified_gmt":"2017-02-14T00:07:19","slug":"lo-sabias-75","status":"publish","type":"post","link":"https:\/\/megatandil.com.ar\/ojoscuriosos\/lo-sabias-75\/","title":{"rendered":"Lo Sab\u00edas?"},"content":{"rendered":"<h2><span style=\"color: #ff0000;\"><a href=\"http:\/\/ojoscuriosos.com\/wp-content\/uploads\/2013\/12\/20.12.12pesebres.jpg\"><img loading=\"lazy\" decoding=\"async\" class=\"alignright size-full wp-image-4510\" src=\"http:\/\/ojoscuriosos.com\/wp-content\/uploads\/2013\/12\/20.12.12pesebres.jpg\" alt=\"20.12.12pesebres\" width=\"400\" height=\"260\" \/><\/a> <a href=\"http:\/\/ojoscuriosos.com\/wp-content\/uploads\/2013\/12\/images-20.jpg\"><img loading=\"lazy\" decoding=\"async\" class=\"alignright size-full wp-image-4511\" src=\"http:\/\/ojoscuriosos.com\/wp-content\/uploads\/2013\/12\/images-20.jpg\" alt=\"images (20)\" width=\"269\" height=\"187\" \/><\/a> <a href=\"http:\/\/ojoscuriosos.com\/wp-content\/uploads\/2013\/12\/PesebreDAngelina6.jpg\"><img loading=\"lazy\" decoding=\"async\" class=\"alignright size-full wp-image-4512\" src=\"http:\/\/ojoscuriosos.com\/wp-content\/uploads\/2013\/12\/PesebreDAngelina6.jpg\" alt=\"PesebreDAngelina6\" width=\"1491\" height=\"795\" \/><\/a>En el a\u00f1o 1552 los puritanos brit\u00e1nicos prohibieron los festejos de Navidad en su pa\u00eds. Reci\u00e9n volvi\u00f3 a Inglaterra en el a\u00f1o 1600 con Carlos II. En esa \u00e9poca se recuperaron los villancicos que se hab\u00edan incorporado en la Edad Media y se compusieron muchos nuevos, aunque la costumbre de cantarlos se acentu\u00f3 reci\u00e9n en el siglo XIX.<\/span><\/h2>\n<h3>\u00a0<em><span style=\"color: #993366;\">La tradici\u00f3n de armar el pesebre naci\u00f3 en el Siglo XIII. Fue cuando San Francisco de Asis quiso celebrar una Navidad lo m\u00e1s realista posible y con el permiso papal instal\u00f3 un pesebre con paja dentro de una cueva. Puso la imagen de Jes\u00fas al lado de una mula viva y en ese escenario celebr\u00f3 una misa en el a\u00f1o 1223. El \u00e9xito fue tan grande que r\u00e1pidamente se extendi\u00f3 por toda Italia para luego expandirse y convertirse en una tradici\u00f3n.<\/span><\/em><\/h3>\n<form id=\"vozme_form_18994dc0a0529e8b2a3da4e96bf5cbfd\" method=\"post\" name=\"vozme_form_18994dc0a0529e8b2a3da4e96bf5cbfd\" target=\"18994dc0a0529e8b2a3da4e96bf5cbfd\" action=\"http:\/\/vozme.com\/text2voice.php\"><input name=\"text\" type=\"hidden\" value=\"Lo Sab\u00edas?.   En el a\u00f1o 1552 los puritanos brit\u00e1nicos prohibieron los festejos de Navidad en su pa\u00eds. Reci\u00e9n volvi\u00f3 a Inglaterra en el a\u00f1o 1600 con Carlos II. En esa \u00e9poca se recuperaron los villancicos que se hab\u00edan incorporado en la Edad Media y se compusieron muchos nuevos, aunque la costumbre de cantarlos se acentu\u00f3 reci\u00e9n en el siglo XIX.\n\u00a0La tradici\u00f3n de armar el pesebre naci\u00f3 en el Siglo XIII. Fue cuando San Francisco de Asis quiso celebrar una Navidad lo m\u00e1s realista posible y con el permiso papal instal\u00f3 un pesebre con paja dentro de una cueva. Puso la imagen de Jes\u00fas al lado de una mula viva y en ese escenario celebr\u00f3 una misa en el a\u00f1o 1223. El \u00e9xito fue tan grande que r\u00e1pidamente se extendi\u00f3 por toda Italia para luego expandirse y convertirse en una tradici\u00f3n.\n\" \/><input name=\"lang\" type=\"hidden\" value=\"es\" \/><input name=\"gn\" type=\"hidden\" value=\"ml\" \/><input type=\"hidden\" id=\"interface\" name=\"interface\" value=\"full\" \/>\n\t\t\t<div style=\"text-align:left;\">\n\t\t\t\n\t\t\t\t<input style=\"float:left;\" type=\"image\" width=\"40\" height=\"40\" src=\"https:\/\/megatandil.com.ar\/ojoscuriosos\/wp-content\/plugins\/vozme\/img\/megaphone40x40w.gif\" alt=\"Escucha este post\" onclick=\"window.open('', '18994dc0a0529e8b2a3da4e96bf5cbfd', 'width=600,height=370,scrollbars=yes,location=yes,menubar=yes,resizable=yes,status=yes,toolbar=yes');\">\n\t\t\t\t<div style=\"margin-left:48px; text-align:left;\"><a style=\"font-size:12px;\" href=\"javascript:void(0);\" onclick=\"window.open('', '18994dc0a0529e8b2a3da4e96bf5cbfd', 'width=600,height=370,scrollbars=yes,location=yes,menubar=yes,resizable=yes,status=yes,toolbar=yes'); document.getElementById('vozme_form_18994dc0a0529e8b2a3da4e96bf5cbfd').submit();\">Escucha<br\/>este post<\/a><\/div>\n\t\t\t<\/div><\/form>","protected":false},"excerpt":{"rendered":"<p>En el a\u00f1o 1552 los puritanos brit\u00e1nicos prohibieron los festejos de Navidad en su pa\u00eds. Reci\u00e9n volvi\u00f3 a Inglaterra en el a\u00f1o 1600 con Carlos II. En esa \u00e9poca se recuperaron los villancicos que se hab\u00edan incorporado en la Edad Media y se compusieron muchos nuevos, aunque la costumbre de cantarlos se acentu\u00f3 reci\u00e9n en [&hellip;]<\/p>\n","protected":false},"author":3,"featured_media":7191,"comment_status":"open","ping_status":"open","sticky":false,"template":"","format":"standard","meta":{"footnotes":""},"categories":[7,1],"tags":[],"class_list":{"0":"post-4509","1":"post","2":"type-post","3":"status-publish","4":"format-standard","5":"has-post-thumbnail","7":"category-lo-sabias","8":"category-sin-categoria","9":"czr-hentry"},"_links":{"self":[{"href":"https:\/\/megatandil.com.ar\/ojoscuriosos\/wp-json\/wp\/v2\/posts\/4509","targetHints":{"allow":["GET"]}}],"collection":[{"href":"https:\/\/megatandil.com.ar\/ojoscuriosos\/wp-json\/wp\/v2\/posts"}],"about":[{"href":"https:\/\/megatandil.com.ar\/ojoscuriosos\/wp-json\/wp\/v2\/types\/post"}],"author":[{"embeddable":true,"href":"https:\/\/megatandil.com.ar\/ojoscuriosos\/wp-json\/wp\/v2\/users\/3"}],"replies":[{"embeddable":true,"href":"https:\/\/megatandil.com.ar\/ojoscuriosos\/wp-json\/wp\/v2\/comments?post=4509"}],"version-history":[{"count":0,"href":"https:\/\/megatandil.com.ar\/ojoscuriosos\/wp-json\/wp\/v2\/posts\/4509\/revisions"}],"wp:featuredmedia":[{"embeddable":true,"href":"https:\/\/megatandil.com.ar\/ojoscuriosos\/wp-json\/wp\/v2\/media\/7191"}],"wp:attachment":[{"href":"https:\/\/megatandil.com.ar\/ojoscuriosos\/wp-json\/wp\/v2\/media?parent=4509"}],"wp:term":[{"taxonomy":"category","embeddable":true,"href":"https:\/\/megatandil.com.ar\/ojoscuriosos\/wp-json\/wp\/v2\/categories?post=4509"},{"taxonomy":"post_tag","embeddable":true,"href":"https:\/\/megatandil.com.ar\/ojoscuriosos\/wp-json\/wp\/v2\/tags?post=4509"}],"curies":[{"name":"wp","href":"https:\/\/api.w.org\/{rel}","templated":true}]}}