{"id":4599,"date":"2017-03-25T00:41:51","date_gmt":"2017-03-25T00:41:51","guid":{"rendered":"http:\/\/ojoscuriosos.com\/?p=4599"},"modified":"2017-03-25T00:41:51","modified_gmt":"2017-03-25T00:41:51","slug":"la-doncella-del-llullaillaco","status":"publish","type":"post","link":"https:\/\/megatandil.com.ar\/ojoscuriosos\/la-doncella-del-llullaillaco\/","title":{"rendered":"La Doncella del Llullaillaco"},"content":{"rendered":"<figure id=\"attachment_4600\" aria-describedby=\"caption-attachment-4600\" style=\"width: 550px\" class=\"wp-caption alignright\"><a href=\"http:\/\/ojoscuriosos.com\/wp-content\/uploads\/2013\/12\/volcan-llullaillaco.jpg\"><img loading=\"lazy\" decoding=\"async\" class=\"size-full wp-image-4600\" src=\"http:\/\/ojoscuriosos.com\/wp-content\/uploads\/2013\/12\/volcan-llullaillaco.jpg\" alt=\"Volc\u00e1n Llullaillaco\" width=\"550\" height=\"387\" \/><\/a><figcaption id=\"caption-attachment-4600\" class=\"wp-caption-text\">Volc\u00e1n Llullaillaco<\/figcaption><\/figure>\n<h2><span style=\"color: #0000ff;\">A <strong>6.707 metros<\/strong> de altura en plena <strong>Cordillera de los Andes<\/strong>, se descubri\u00f3 en 1999 el cuerpo congelado de una ni\u00f1a inca que vivi\u00f3 hace unos 500 a\u00f1os atr\u00e1s.\u00a0<\/span><\/h2>\n<p>Se la bautiz\u00f3 como<em><strong> \u201cla doncella del Llullaillaco\u201d<\/strong><\/em> en honor a este volc\u00e1n ubicado entre la provincia de Salta y la regi\u00f3n de Antofagasta, en el l\u00edmite andino entre <strong>Argentina y Chile<\/strong>.\u00a0 Se lo considera el segundo volc\u00e1n activo m\u00e1s alto del mundo y su \u00faltima erupci\u00f3n data de 1877.<\/p>\n<p>Durante una expedici\u00f3n encabezada por<em><strong> Johans Reinard y la arqueologo argentina Constanza Ceruti<\/strong><\/em>, fueron hallados en 1999 en la cima tres cuerpos de ni\u00f1os, de 15, 6 y 7 a\u00f1os. El cuerpo de la adolescente est\u00e1 perfectamente conservado y conserva sus \u00f3rganos intactos, tanto que la sangre a\u00fan permanece en coraz\u00f3n y pulmones.Para llegar a este nivel de preservaci\u00f3n no se ha hecho ning\u00fan milagro. Simplemente las condiciones clim\u00e1ticas, el fr\u00edo seco de la cordillera actu\u00f3 como preservante natural y logr\u00f3 conservar este cuerpo durante m\u00e1s de cinco siglos.<\/p>\n<p>Los cient\u00edficos han estudiado las prote\u00ednas del tejido y llegaron a la conclusi\u00f3n que la ni\u00f1a sufr\u00eda de una enfermedad pulmonar, una infecci\u00f3n bacteriana similar a la tuberculosis.<a href=\"http:\/\/ojoscuriosos.com\/wp-content\/uploads\/2013\/12\/momianinaargentina407.jpg\"><img loading=\"lazy\" decoding=\"async\" class=\"alignright size-full wp-image-4607\" src=\"http:\/\/ojoscuriosos.com\/wp-content\/uploads\/2013\/12\/momianinaargentina407.jpg\" alt=\"momianinaargentina407\" width=\"407\" height=\"305\" \/><\/a> <a href=\"http:\/\/ojoscuriosos.com\/wp-content\/uploads\/2013\/12\/images-113.jpg\"><img loading=\"lazy\" decoding=\"async\" class=\"alignright size-full wp-image-4606\" src=\"http:\/\/ojoscuriosos.com\/wp-content\/uploads\/2013\/12\/images-113.jpg\" alt=\"images (1)\" width=\"275\" height=\"183\" \/><\/a> <a href=\"http:\/\/ojoscuriosos.com\/wp-content\/uploads\/2013\/12\/descarga-17.jpg\"><img loading=\"lazy\" decoding=\"async\" class=\"alignright size-full wp-image-4605\" src=\"http:\/\/ojoscuriosos.com\/wp-content\/uploads\/2013\/12\/descarga-17.jpg\" alt=\"descarga (1)\" width=\"285\" height=\"177\" \/><\/a> <a href=\"http:\/\/ojoscuriosos.com\/wp-content\/uploads\/2013\/12\/D5343301F.jpg\"><img loading=\"lazy\" decoding=\"async\" class=\"alignright size-full wp-image-4604\" src=\"http:\/\/ojoscuriosos.com\/wp-content\/uploads\/2013\/12\/D5343301F.jpg\" alt=\"D5343301F\" width=\"800\" height=\"533\" \/><\/a> <a href=\"http:\/\/ojoscuriosos.com\/wp-content\/uploads\/2013\/12\/B97F465FD.jpg\"><img loading=\"lazy\" decoding=\"async\" class=\"alignright size-full wp-image-4603\" src=\"http:\/\/ojoscuriosos.com\/wp-content\/uploads\/2013\/12\/B97F465FD.jpg\" alt=\"B97F465FD\" width=\"800\" height=\"570\" \/><\/a> <a href=\"http:\/\/ojoscuriosos.com\/wp-content\/uploads\/2013\/12\/21fdfd94-2ca3-477a-affd-0c3740d1ca62_AP99032603239_9.jpg\"><img loading=\"lazy\" decoding=\"async\" class=\"alignright size-full wp-image-4602\" src=\"http:\/\/ojoscuriosos.com\/wp-content\/uploads\/2013\/12\/21fdfd94-2ca3-477a-affd-0c3740d1ca62_AP99032603239_9.jpg\" alt=\"21fdfd94-2ca3-477a-affd-0c3740d1ca62_AP99032603239_9\" width=\"555\" height=\"386\" \/><\/a> <a href=\"http:\/\/ojoscuriosos.com\/wp-content\/uploads\/2013\/12\/4BF72A1A2.jpg\"><img loading=\"lazy\" decoding=\"async\" class=\"alignright size-full wp-image-4601\" src=\"http:\/\/ojoscuriosos.com\/wp-content\/uploads\/2013\/12\/4BF72A1A2.jpg\" alt=\"4BF72A1A2\" width=\"800\" height=\"533\" \/><\/a><\/p>\n<p>Aparentemente los tres ni\u00f1os fueron sacrificados como se evidencia por estar cerca de elementos rituales con artefactos de oro y plata, ropa, cuencos con comida extravagante y tocados de plumas blancas de aves desconocidas. \u00a0\u00a0Los historiadores sugieren que los incas eligieron estos ni\u00f1os por su belleza y tambi\u00e9n por ser m\u00e1s puros que los adultos y los sacrificaron en medio de ritos de la \u00e9poca. Estudios detallados afirman que antes de ser sacrificados se los aliment\u00f3 con carne de llama seca y ma\u00edz, aunque tambi\u00e9n contienen restos de patatas y verduras andinas.<\/p>\n<p>Las \u00faltimas tomograf\u00edas realizadas en 2013 indican que mastic\u00f3 en sus momentos finales una gran cantidad de hojas de coca y por el an\u00e1lisis de su pelo se determin\u00f3 que el consumo de alcohol, posiblemente en forma de chicha se hab\u00eda disparado en sus \u00faltimas semanas.<\/p>\n<p>Aunque no se conoce la raz\u00f3n exacta del sacrificio de los ni\u00f1os, los investigadores creen que podr\u00eda haberse tratado de una ocasi\u00f3n\u00a0anual\u00a0Inca, o de un incidente imprevisto, como la muerte de un gobernante o de un desastre natural. Lo que parece evidente es que la\u00a0doncella\u00a0recibi\u00f3 significativamente m\u00e1s hoja de coca que los ni\u00f1os m\u00e1s peque\u00f1os, lo que seg\u00fan los investigadores sugiere<b>\u00a0<\/b><strong>\u201cuna mayor necesidad de sedarla a ella\u201d<\/strong>. Por la disposici\u00f3n del cuerpo de la ni\u00f1a y de sus prendas y artefactos ceremoniales que la rodeaban, se desprende que estaba muy relajada o muerta cuando fue colocada en el altar.<br \/>\nLos cient\u00edficos que se ocupan de este descubrimiento, creen que se congel\u00f3 hasta morir mientras dorm\u00eda y luego de 500 a\u00f1os a\u00fan se ve como \u00abuna ni\u00f1a lista para el sue\u00f1o\u00bb.<\/p>\n<p>En su nueva c\u00e1mara funeraria de acr\u00edlico, la temperatura del interior se estabiliz\u00f3 a -18\u00ba C, lo que la mantiene en un estado de congelaci\u00f3n constante. La peque\u00f1a ni\u00f1a inca descansa ahora m\u00e1s cuidada. <strong>Seguramente no imagin\u00f3 en sus \u00faltimos momentos, que iba a sobrevivir hist\u00f3ricamente a todos sus cong\u00e9neres incas, aquellos que por razones desconocidas acabaron con su vida.<\/strong><\/p>\n<p>&nbsp;<\/p>\n<form id=\"vozme_form_8c85f41e2254314d36f9742bfdda7e81\" method=\"post\" name=\"vozme_form_8c85f41e2254314d36f9742bfdda7e81\" target=\"8c85f41e2254314d36f9742bfdda7e81\" action=\"http:\/\/vozme.com\/text2voice.php\"><input name=\"text\" type=\"hidden\" value=\"La Doncella del Llullaillaco. [caption id=&quot;attachment_4600&quot; align=&quot;alignright&quot; width=&quot;550&quot;] Volc\u00e1n Llullaillaco[\/caption]\nA 6.707 metros de altura en plena Cordillera de los Andes, se descubri\u00f3 en 1999 el cuerpo congelado de una ni\u00f1a inca que vivi\u00f3 hace unos 500 a\u00f1os atr\u00e1s.\u00a0\nSe la bautiz\u00f3 como \u201cla doncella del Llullaillaco\u201d en honor a este volc\u00e1n ubicado entre la provincia de Salta y la regi\u00f3n de Antofagasta, en el l\u00edmite andino entre Argentina y Chile.\u00a0 Se lo considera el segundo volc\u00e1n activo m\u00e1s alto del mundo y su \u00faltima erupci\u00f3n data de 1877.\nDurante una expedici\u00f3n encabezada por Johans Reinard y la arqueologo argentina Constanza Ceruti, fueron hallados en 1999 en la cima tres cuerpos de ni\u00f1os, de 15, 6 y 7 a\u00f1os. El cuerpo de la adolescente est\u00e1 perfectamente conservado y conserva sus \u00f3rganos intactos, tanto que la sangre a\u00fan permanece en coraz\u00f3n y pulmones.Para llegar a este nivel de preservaci\u00f3n no se ha hecho ning\u00fan milagro. Simplemente las condiciones clim\u00e1ticas, el fr\u00edo seco de la cordillera actu\u00f3 como preservante natural y logr\u00f3 conservar este cuerpo durante m\u00e1s de cinco siglos.\nLos cient\u00edficos han estudiado las prote\u00ednas del tejido y llegaron a la conclusi\u00f3n que la ni\u00f1a sufr\u00eda de una enfermedad pulmonar, una infecci\u00f3n bacteriana similar a la tuberculosis.      \nAparentemente los tres ni\u00f1os fueron sacrificados como se evidencia por estar cerca de elementos rituales con artefactos de oro y plata, ropa, cuencos con comida extravagante y tocados de plumas blancas de aves desconocidas. \u00a0\u00a0Los historiadores sugieren que los incas eligieron estos ni\u00f1os por su belleza y tambi\u00e9n por ser m\u00e1s puros que los adultos y los sacrificaron en medio de ritos de la \u00e9poca. Estudios detallados afirman que antes de ser sacrificados se los aliment\u00f3 con carne de llama seca y ma\u00edz, aunque tambi\u00e9n contienen restos de patatas y verduras andinas.\nLas \u00faltimas tomograf\u00edas realizadas en 2013 indican que mastic\u00f3 en sus momentos finales una gran cantidad de hojas de coca y por el an\u00e1lisis de su pelo se determin\u00f3 que el consumo de alcohol, posiblemente en forma de chicha se hab\u00eda disparado en sus \u00faltimas semanas.\nAunque no se conoce la raz\u00f3n exacta del sacrificio de los ni\u00f1os, los investigadores creen que podr\u00eda haberse tratado de una ocasi\u00f3n\u00a0anual\u00a0Inca, o de un incidente imprevisto, como la muerte de un gobernante o de un desastre natural. Lo que parece evidente es que la\u00a0doncella\u00a0recibi\u00f3 significativamente m\u00e1s hoja de coca que los ni\u00f1os m\u00e1s peque\u00f1os, lo que seg\u00fan los investigadores sugiere\u00a0\u201cuna mayor necesidad de sedarla a ella\u201d. Por la disposici\u00f3n del cuerpo de la ni\u00f1a y de sus prendas y artefactos ceremoniales que la rodeaban, se desprende que estaba muy relajada o muerta cuando fue colocada en el altar.\nLos cient\u00edficos que se ocupan de este descubrimiento, creen que se congel\u00f3 hasta morir mientras dorm\u00eda y luego de 500 a\u00f1os a\u00fan se ve como \u00abuna ni\u00f1a lista para el sue\u00f1o\u00bb.\nEn su nueva c\u00e1mara funeraria de acr\u00edlico, la temperatura del interior se estabiliz\u00f3 a -18\u00ba C, lo que la mantiene en un estado de congelaci\u00f3n constante. La peque\u00f1a ni\u00f1a inca descansa ahora m\u00e1s cuidada. Seguramente no imagin\u00f3 en sus \u00faltimos momentos, que iba a sobrevivir hist\u00f3ricamente a todos sus cong\u00e9neres incas, aquellos que por razones desconocidas acabaron con su vida.\n&nbsp;\n\" \/><input name=\"lang\" type=\"hidden\" value=\"es\" \/><input name=\"gn\" type=\"hidden\" value=\"ml\" \/><input type=\"hidden\" id=\"interface\" name=\"interface\" value=\"full\" \/>\n\t\t\t<div style=\"text-align:left;\">\n\t\t\t\n\t\t\t\t<input style=\"float:left;\" type=\"image\" width=\"40\" height=\"40\" src=\"https:\/\/megatandil.com.ar\/ojoscuriosos\/wp-content\/plugins\/vozme\/img\/megaphone40x40w.gif\" alt=\"Escucha este post\" onclick=\"window.open('', '8c85f41e2254314d36f9742bfdda7e81', 'width=600,height=370,scrollbars=yes,location=yes,menubar=yes,resizable=yes,status=yes,toolbar=yes');\">\n\t\t\t\t<div style=\"margin-left:48px; text-align:left;\"><a style=\"font-size:12px;\" href=\"javascript:void(0);\" onclick=\"window.open('', '8c85f41e2254314d36f9742bfdda7e81', 'width=600,height=370,scrollbars=yes,location=yes,menubar=yes,resizable=yes,status=yes,toolbar=yes'); document.getElementById('vozme_form_8c85f41e2254314d36f9742bfdda7e81').submit();\">Escucha<br\/>este post<\/a><\/div>\n\t\t\t<\/div><\/form>","protected":false},"excerpt":{"rendered":"<p>A 6.707 metros de altura en plena Cordillera de los Andes, se descubri\u00f3 en 1999 el cuerpo congelado de una ni\u00f1a inca que vivi\u00f3 hace unos 500 a\u00f1os atr\u00e1s.\u00a0 Se la bautiz\u00f3 como \u201cla doncella del Llullaillaco\u201d en honor a este volc\u00e1n ubicado entre la provincia de Salta y la regi\u00f3n de Antofagasta, en el [&hellip;]<\/p>\n","protected":false},"author":3,"featured_media":7468,"comment_status":"open","ping_status":"open","sticky":false,"template":"","format":"standard","meta":{"footnotes":""},"categories":[9,30,3,13,1],"tags":[279,322,323],"class_list":{"0":"post-4599","1":"post","2":"type-post","3":"status-publish","4":"format-standard","5":"has-post-thumbnail","7":"category-costumbres","8":"category-descubrimientos","9":"category-misterios","10":"category-personajes","11":"category-sin-categoria","12":"tag-andes","13":"tag-cordillera","14":"tag-incas","15":"czr-hentry"},"_links":{"self":[{"href":"https:\/\/megatandil.com.ar\/ojoscuriosos\/wp-json\/wp\/v2\/posts\/4599","targetHints":{"allow":["GET"]}}],"collection":[{"href":"https:\/\/megatandil.com.ar\/ojoscuriosos\/wp-json\/wp\/v2\/posts"}],"about":[{"href":"https:\/\/megatandil.com.ar\/ojoscuriosos\/wp-json\/wp\/v2\/types\/post"}],"author":[{"embeddable":true,"href":"https:\/\/megatandil.com.ar\/ojoscuriosos\/wp-json\/wp\/v2\/users\/3"}],"replies":[{"embeddable":true,"href":"https:\/\/megatandil.com.ar\/ojoscuriosos\/wp-json\/wp\/v2\/comments?post=4599"}],"version-history":[{"count":0,"href":"https:\/\/megatandil.com.ar\/ojoscuriosos\/wp-json\/wp\/v2\/posts\/4599\/revisions"}],"wp:featuredmedia":[{"embeddable":true,"href":"https:\/\/megatandil.com.ar\/ojoscuriosos\/wp-json\/wp\/v2\/media\/7468"}],"wp:attachment":[{"href":"https:\/\/megatandil.com.ar\/ojoscuriosos\/wp-json\/wp\/v2\/media?parent=4599"}],"wp:term":[{"taxonomy":"category","embeddable":true,"href":"https:\/\/megatandil.com.ar\/ojoscuriosos\/wp-json\/wp\/v2\/categories?post=4599"},{"taxonomy":"post_tag","embeddable":true,"href":"https:\/\/megatandil.com.ar\/ojoscuriosos\/wp-json\/wp\/v2\/tags?post=4599"}],"curies":[{"name":"wp","href":"https:\/\/api.w.org\/{rel}","templated":true}]}}