{"id":779,"date":"2018-05-23T00:20:35","date_gmt":"2018-05-23T00:20:35","guid":{"rendered":"http:\/\/ojoscuriosos.com\/?p=779"},"modified":"2018-05-23T00:20:35","modified_gmt":"2018-05-23T00:20:35","slug":"nunca-es-tarde","status":"publish","type":"post","link":"https:\/\/megatandil.com.ar\/ojoscuriosos\/nunca-es-tarde\/","title":{"rendered":"El Papa Agat\u00f3n"},"content":{"rendered":"<h2><strong><a href=\"http:\/\/ojoscuriosos.com\/wp-content\/uploads\/2013\/04\/el-vaticano.jpeg\"><img loading=\"lazy\" decoding=\"async\" class=\"aligncenter size-full wp-image-3057\" src=\"http:\/\/ojoscuriosos.com\/wp-content\/uploads\/2013\/04\/el-vaticano.jpeg\" alt=\"el-vaticano\" width=\"1024\" height=\"576\" \/><\/a>Palermo<\/strong> es una ciudad capital italiana de la regi\u00f3n aut\u00f3noma de <strong>Sicilia<\/strong> y de la provincia de Palermo. All\u00ed viven actualmente un mill\u00f3n de personas, pero eran muchos menos en el a\u00f1o 577 cuando naci\u00f3 <strong>Agat\u00f3n<\/strong>, que ahora es su santo patrono.\u00a0 Este personaje vivi\u00f3 toda su vida en forma sencilla y hered\u00f3 de su padre una verdadera fortuna que reparti\u00f3 entre los pobres. Sin embargo eso no es lo mas notable, pues no terminan all\u00ed las sorpresas.<\/h2>\n<p><a href=\"http:\/\/ojoscuriosos.com\/wp-content\/uploads\/2013\/04\/Papa-Agat\u00f3n.jpg\"><img loading=\"lazy\" decoding=\"async\" class=\"alignleft size-full wp-image-3058\" src=\"http:\/\/ojoscuriosos.com\/wp-content\/uploads\/2013\/04\/Papa-Agat\u00f3n.jpg\" alt=\"Papa-Agat\u00f3n\" width=\"302\" height=\"278\" \/><\/a><\/p>\n<p>Este hombre que se hab\u00eda internado en un convento benedictino luego de repartir aquel dinero, se form\u00f3 como sacerdote reci\u00e9n en el a\u00f1o 677, es decir luego de cumplir <strong>cien a\u00f1os<\/strong>. Si ya de por s\u00ed es llamativo este hecho, mucho m\u00e1s incre\u00edble es la historia que lo sigue. Unos pocos meses despu\u00e9s se convirti\u00f3 en el <strong>septuag\u00e9simo noveno Papa en el a\u00f1o 678<\/strong>, es decir cuando ya hab\u00eda cumplido 101 a\u00f1os, una edad tan ins\u00f3lita como sorprendente, sobre todo teniendo en cuenta que la historia transcurre en el siglo VI, en una \u00e9poca en que las expectativas de vida eran bastante m\u00e1s reducidas.<\/p>\n<p>Vivi\u00f3 hasta los 103 a\u00f1os, muriendo el 10 de enero del a\u00f1o 681 y durante su breve papado realiz\u00f3 algunas interesantes acciones, como por ejemplo la realizaci\u00f3n del Sexto Concilio Ecum\u00e9nico, haciendo gala, pese a lo avanzado de la edad, de una inusual lucidez mental. Se lo considera <strong>el pont\u00edfice m\u00e1s anciano de la historia<\/strong> y ha sido venerado como santo, tanto por la iglesia cat\u00f3lica como por la iglesia ortodoxa.<\/p>\n<p><em><strong>Nunca es tarde para darse los gustos y nunca se es lo suficientemente viejo como para disfrutarlos\u2026<\/strong><\/em><\/p>\n<p>&nbsp;<\/p>\n<form id=\"vozme_form_b38a18717150026d4a0d9b6745e7101e\" method=\"post\" name=\"vozme_form_b38a18717150026d4a0d9b6745e7101e\" target=\"b38a18717150026d4a0d9b6745e7101e\" action=\"http:\/\/vozme.com\/text2voice.php\"><input name=\"text\" type=\"hidden\" value=\"El Papa Agat\u00f3n. Palermo es una ciudad capital italiana de la regi\u00f3n aut\u00f3noma de Sicilia y de la provincia de Palermo. All\u00ed viven actualmente un mill\u00f3n de personas, pero eran muchos menos en el a\u00f1o 577 cuando naci\u00f3 Agat\u00f3n, que ahora es su santo patrono.\u00a0 Este personaje vivi\u00f3 toda su vida en forma sencilla y hered\u00f3 de su padre una verdadera fortuna que reparti\u00f3 entre los pobres. Sin embargo eso no es lo mas notable, pues no terminan all\u00ed las sorpresas.\n\nEste hombre que se hab\u00eda internado en un convento benedictino luego de repartir aquel dinero, se form\u00f3 como sacerdote reci\u00e9n en el a\u00f1o 677, es decir luego de cumplir cien a\u00f1os. Si ya de por s\u00ed es llamativo este hecho, mucho m\u00e1s incre\u00edble es la historia que lo sigue. Unos pocos meses despu\u00e9s se convirti\u00f3 en el septuag\u00e9simo noveno Papa en el a\u00f1o 678, es decir cuando ya hab\u00eda cumplido 101 a\u00f1os, una edad tan ins\u00f3lita como sorprendente, sobre todo teniendo en cuenta que la historia transcurre en el siglo VI, en una \u00e9poca en que las expectativas de vida eran bastante m\u00e1s reducidas.\nVivi\u00f3 hasta los 103 a\u00f1os, muriendo el 10 de enero del a\u00f1o 681 y durante su breve papado realiz\u00f3 algunas interesantes acciones, como por ejemplo la realizaci\u00f3n del Sexto Concilio Ecum\u00e9nico, haciendo gala, pese a lo avanzado de la edad, de una inusual lucidez mental. Se lo considera el pont\u00edfice m\u00e1s anciano de la historia y ha sido venerado como santo, tanto por la iglesia cat\u00f3lica como por la iglesia ortodoxa.\nNunca es tarde para darse los gustos y nunca se es lo suficientemente viejo como para disfrutarlos\u2026\n&nbsp;\n\" \/><input name=\"lang\" type=\"hidden\" value=\"es\" \/><input name=\"gn\" type=\"hidden\" value=\"ml\" \/><input type=\"hidden\" id=\"interface\" name=\"interface\" value=\"full\" \/>\n\t\t\t<div style=\"text-align:left;\">\n\t\t\t\n\t\t\t\t<input style=\"float:left;\" type=\"image\" width=\"40\" height=\"40\" src=\"https:\/\/megatandil.com.ar\/ojoscuriosos\/wp-content\/plugins\/vozme\/img\/megaphone40x40w.gif\" alt=\"Escucha este post\" onclick=\"window.open('', 'b38a18717150026d4a0d9b6745e7101e', 'width=600,height=370,scrollbars=yes,location=yes,menubar=yes,resizable=yes,status=yes,toolbar=yes');\">\n\t\t\t\t<div style=\"margin-left:48px; text-align:left;\"><a style=\"font-size:12px;\" href=\"javascript:void(0);\" onclick=\"window.open('', 'b38a18717150026d4a0d9b6745e7101e', 'width=600,height=370,scrollbars=yes,location=yes,menubar=yes,resizable=yes,status=yes,toolbar=yes'); document.getElementById('vozme_form_b38a18717150026d4a0d9b6745e7101e').submit();\">Escucha<br\/>este post<\/a><\/div>\n\t\t\t<\/div><\/form>","protected":false},"excerpt":{"rendered":"<p>Palermo es una ciudad capital italiana de la regi\u00f3n aut\u00f3noma de Sicilia y de la provincia de Palermo. All\u00ed viven actualmente un mill\u00f3n de personas, pero eran muchos menos en el a\u00f1o 577 cuando naci\u00f3 Agat\u00f3n, que ahora es su santo patrono.\u00a0 Este personaje vivi\u00f3 toda su vida en forma sencilla y hered\u00f3 de su [&hellip;]<\/p>\n","protected":false},"author":3,"featured_media":781,"comment_status":"open","ping_status":"open","sticky":false,"template":"","format":"standard","meta":{"footnotes":""},"categories":[11,13,5,1],"tags":[875,876,561],"class_list":{"0":"post-779","1":"post","2":"type-post","3":"status-publish","4":"format-standard","5":"has-post-thumbnail","7":"category-historia","8":"category-personajes","9":"category-rarezas-2","10":"category-sin-categoria","11":"tag-anciano","12":"tag-palermo","13":"tag-papa","14":"czr-hentry"},"_links":{"self":[{"href":"https:\/\/megatandil.com.ar\/ojoscuriosos\/wp-json\/wp\/v2\/posts\/779","targetHints":{"allow":["GET"]}}],"collection":[{"href":"https:\/\/megatandil.com.ar\/ojoscuriosos\/wp-json\/wp\/v2\/posts"}],"about":[{"href":"https:\/\/megatandil.com.ar\/ojoscuriosos\/wp-json\/wp\/v2\/types\/post"}],"author":[{"embeddable":true,"href":"https:\/\/megatandil.com.ar\/ojoscuriosos\/wp-json\/wp\/v2\/users\/3"}],"replies":[{"embeddable":true,"href":"https:\/\/megatandil.com.ar\/ojoscuriosos\/wp-json\/wp\/v2\/comments?post=779"}],"version-history":[{"count":0,"href":"https:\/\/megatandil.com.ar\/ojoscuriosos\/wp-json\/wp\/v2\/posts\/779\/revisions"}],"wp:featuredmedia":[{"embeddable":true,"href":"https:\/\/megatandil.com.ar\/ojoscuriosos\/wp-json\/wp\/v2\/media\/781"}],"wp:attachment":[{"href":"https:\/\/megatandil.com.ar\/ojoscuriosos\/wp-json\/wp\/v2\/media?parent=779"}],"wp:term":[{"taxonomy":"category","embeddable":true,"href":"https:\/\/megatandil.com.ar\/ojoscuriosos\/wp-json\/wp\/v2\/categories?post=779"},{"taxonomy":"post_tag","embeddable":true,"href":"https:\/\/megatandil.com.ar\/ojoscuriosos\/wp-json\/wp\/v2\/tags?post=779"}],"curies":[{"name":"wp","href":"https:\/\/api.w.org\/{rel}","templated":true}]}}